{"id":262,"date":"2014-04-08T22:20:47","date_gmt":"2014-04-08T20:20:47","guid":{"rendered":"http:\/\/www.mostredzinski.pl\/?p=262"},"modified":"2014-04-08T22:25:31","modified_gmt":"2014-04-08T20:25:31","slug":"redzinski-widziany-z-mostu-milenijnego","status":"publish","type":"post","link":"https:\/\/www.mostredzinski.pl\/?p=262","title":{"rendered":"R\u0119dzi\u0144ski widziany z Mostu Milenijnego"},"content":{"rendered":"<p>Dzisiaj rzut oka na Most R\u0119dzi\u0144ski z Mostu Milenijnego. Wia\u0107 zacz\u0119\u0142o okrutnie, wi\u0119c musieli\u015bmy si\u0119 dosy\u0107 szybko ewakuowa\u0107.<\/p>\n<div id=\"attachment_265\" style=\"width: 810px\" class=\"wp-caption alignleft\"><a href=\"https:\/\/www.mostredzinski.pl\/?p=262\"><img loading=\"lazy\" decoding=\"async\" aria-describedby=\"caption-attachment-265\" class=\"size-full wp-image-265\" alt=\"Most R\u0119dzi\u0144ski\" src=\"https:\/\/www.mostredzinski.pl\/wp-content\/uploads\/2014\/04\/Wro524_small.jpg\" width=\"800\" height=\"448\" srcset=\"https:\/\/www.mostredzinski.pl\/wp-content\/uploads\/2014\/04\/Wro524_small.jpg 800w, https:\/\/www.mostredzinski.pl\/wp-content\/uploads\/2014\/04\/Wro524_small-300x168.jpg 300w, https:\/\/www.mostredzinski.pl\/wp-content\/uploads\/2014\/04\/Wro524_small-430x240.jpg 430w\" sizes=\"auto, (max-width: 800px) 100vw, 800px\" \/><\/a><p id=\"caption-attachment-265\" class=\"wp-caption-text\">Most R\u0119dzi\u0144ski<\/p><\/div>\n<div id=\"attachment_260\" style=\"width: 810px\" class=\"wp-caption alignleft\"><a href=\"https:\/\/www.mostredzinski.pl\/?p=262\"><img loading=\"lazy\" decoding=\"async\" aria-describedby=\"caption-attachment-260\" class=\"size-full wp-image-260\" alt=\"Most R\u0119dzi\u0144ski\" src=\"https:\/\/www.mostredzinski.pl\/wp-content\/uploads\/2014\/04\/Wro523_small.jpg\" width=\"800\" height=\"474\" srcset=\"https:\/\/www.mostredzinski.pl\/wp-content\/uploads\/2014\/04\/Wro523_small.jpg 800w, https:\/\/www.mostredzinski.pl\/wp-content\/uploads\/2014\/04\/Wro523_small-300x177.jpg 300w, https:\/\/www.mostredzinski.pl\/wp-content\/uploads\/2014\/04\/Wro523_small-430x254.jpg 430w\" sizes=\"auto, (max-width: 800px) 100vw, 800px\" \/><\/a><p id=\"caption-attachment-260\" class=\"wp-caption-text\">Most R\u0119dzi\u0144ski<\/p><\/div>\n<p>W wi\u0119kszym formacie, jak zawsze do obejrzenia w <a href=\"https:\/\/www.mostredzinski.pl\/?page_id=45\" target=\"_blank\">Galerii<\/a>.<\/p>\n","protected":false},"excerpt":{"rendered":"<p>Dzisiaj rzut oka na Most R\u0119dzi\u0144ski z Mostu Milenijnego. Wia\u0107 zacz\u0119\u0142o okrutnie, wi\u0119c musieli\u015bmy si\u0119 dosy\u0107 szybko ewakuowa\u0107. W wi\u0119kszym formacie, jak zawsze do obejrzenia [&hellip;]<\/p>\n","protected":false},"author":1,"featured_media":0,"comment_status":"open","ping_status":"open","sticky":false,"template":"","format":"standard","meta":{"footnotes":""},"categories":[1],"tags":[],"class_list":["post-262","post","type-post","status-publish","format-standard","hentry","category-bez-kategorii"],"_links":{"self":[{"href":"https:\/\/www.mostredzinski.pl\/index.php?rest_route=\/wp\/v2\/posts\/262","targetHints":{"allow":["GET"]}}],"collection":[{"href":"https:\/\/www.mostredzinski.pl\/index.php?rest_route=\/wp\/v2\/posts"}],"about":[{"href":"https:\/\/www.mostredzinski.pl\/index.php?rest_route=\/wp\/v2\/types\/post"}],"author":[{"embeddable":true,"href":"https:\/\/www.mostredzinski.pl\/index.php?rest_route=\/wp\/v2\/users\/1"}],"replies":[{"embeddable":true,"href":"https:\/\/www.mostredzinski.pl\/index.php?rest_route=%2Fwp%2Fv2%2Fcomments&post=262"}],"version-history":[{"count":4,"href":"https:\/\/www.mostredzinski.pl\/index.php?rest_route=\/wp\/v2\/posts\/262\/revisions"}],"predecessor-version":[{"id":269,"href":"https:\/\/www.mostredzinski.pl\/index.php?rest_route=\/wp\/v2\/posts\/262\/revisions\/269"}],"wp:attachment":[{"href":"https:\/\/www.mostredzinski.pl\/index.php?rest_route=%2Fwp%2Fv2%2Fmedia&parent=262"}],"wp:term":[{"taxonomy":"category","embeddable":true,"href":"https:\/\/www.mostredzinski.pl\/index.php?rest_route=%2Fwp%2Fv2%2Fcategories&post=262"},{"taxonomy":"post_tag","embeddable":true,"href":"https:\/\/www.mostredzinski.pl\/index.php?rest_route=%2Fwp%2Fv2%2Ftags&post=262"}],"curies":[{"name":"wp","href":"https:\/\/api.w.org\/{rel}","templated":true}]}}