{"id":163,"date":"2014-03-30T14:58:35","date_gmt":"2014-03-30T12:58:35","guid":{"rendered":"http:\/\/www.mostredzinski.pl\/?p=163"},"modified":"2014-03-30T14:58:35","modified_gmt":"2014-03-30T12:58:35","slug":"redziny","status":"publish","type":"post","link":"https:\/\/www.mostredzinski.pl\/?p=163","title":{"rendered":"R\u0119dziny"},"content":{"rendered":"<p style=\"text-align: justify;\"><a href=\"https:\/\/www.mostredzinski.pl\/wp-content\/uploads\/2014\/03\/Wro510.jpg\"><img loading=\"lazy\" decoding=\"async\" class=\"aligncenter size-full wp-image-168\" alt=\"Wro510\" src=\"https:\/\/www.mostredzinski.pl\/wp-content\/uploads\/2014\/03\/Wro510.jpg\" width=\"1500\" height=\"1006\" srcset=\"https:\/\/www.mostredzinski.pl\/wp-content\/uploads\/2014\/03\/Wro510.jpg 1500w, https:\/\/www.mostredzinski.pl\/wp-content\/uploads\/2014\/03\/Wro510-300x201.jpg 300w, https:\/\/www.mostredzinski.pl\/wp-content\/uploads\/2014\/03\/Wro510-1024x686.jpg 1024w, https:\/\/www.mostredzinski.pl\/wp-content\/uploads\/2014\/03\/Wro510-180x120.jpg 180w, https:\/\/www.mostredzinski.pl\/wp-content\/uploads\/2014\/03\/Wro510-122x81.jpg 122w, https:\/\/www.mostredzinski.pl\/wp-content\/uploads\/2014\/03\/Wro510-190x126.jpg 190w, https:\/\/www.mostredzinski.pl\/wp-content\/uploads\/2014\/03\/Wro510-110x73.jpg 110w, https:\/\/www.mostredzinski.pl\/wp-content\/uploads\/2014\/03\/Wro510-70x46.jpg 70w, https:\/\/www.mostredzinski.pl\/wp-content\/uploads\/2014\/03\/Wro510-131x87.jpg 131w, https:\/\/www.mostredzinski.pl\/wp-content\/uploads\/2014\/03\/Wro510-430x288.jpg 430w\" sizes=\"auto, (max-width: 1500px) 100vw, 1500px\" \/><\/a>Na mo\u015bcie wiosna ca\u0142\u0105 par\u0105! \ud83d\ude42 Prace zwi\u0105zane z regulacj\u0105 Odry dotar\u0142y niestety\u00a0 ju\u017c na R\u0119dzin. Wiele drzew podzieli\u0142o los drzew rosn\u0105cych w centrum Wroc\u0142awia. Za chwil\u0119 przestanie to by\u0107 urokliwy zak\u0105tek, a kolejny plac budowy. Z niecierpliwo\u015bci\u0105 b\u0119d\u0119 oczekiwa\u0142 zako\u0144czenia prac i ich rezultat\u00f3w.<\/p>\n<p>S\u0105 jednak pewne plusy. Wraz z wycink\u0105 drzew pojawi\u0142o si\u0119 miejsce na par\u0119 nowych ciekawych kadr\u00f3w.<\/p>\n<p><a href=\"https:\/\/www.mostredzinski.pl\/wp-content\/uploads\/2014\/03\/Wro511.jpg\"><img loading=\"lazy\" decoding=\"async\" class=\"aligncenter size-full wp-image-171\" alt=\"\" src=\"https:\/\/www.mostredzinski.pl\/wp-content\/uploads\/2014\/03\/Wro511.jpg\" width=\"1200\" height=\"800\" srcset=\"https:\/\/www.mostredzinski.pl\/wp-content\/uploads\/2014\/03\/Wro511.jpg 1200w, https:\/\/www.mostredzinski.pl\/wp-content\/uploads\/2014\/03\/Wro511-300x200.jpg 300w, https:\/\/www.mostredzinski.pl\/wp-content\/uploads\/2014\/03\/Wro511-1024x682.jpg 1024w, https:\/\/www.mostredzinski.pl\/wp-content\/uploads\/2014\/03\/Wro511-295x196.jpg 295w, https:\/\/www.mostredzinski.pl\/wp-content\/uploads\/2014\/03\/Wro511-180x120.jpg 180w, https:\/\/www.mostredzinski.pl\/wp-content\/uploads\/2014\/03\/Wro511-122x81.jpg 122w, https:\/\/www.mostredzinski.pl\/wp-content\/uploads\/2014\/03\/Wro511-190x126.jpg 190w, https:\/\/www.mostredzinski.pl\/wp-content\/uploads\/2014\/03\/Wro511-110x73.jpg 110w, https:\/\/www.mostredzinski.pl\/wp-content\/uploads\/2014\/03\/Wro511-70x46.jpg 70w, https:\/\/www.mostredzinski.pl\/wp-content\/uploads\/2014\/03\/Wro511-131x87.jpg 131w, https:\/\/www.mostredzinski.pl\/wp-content\/uploads\/2014\/03\/Wro511-430x286.jpg 430w\" sizes=\"auto, (max-width: 1200px) 100vw, 1200px\" \/><\/a><\/p>\n<p>Dzisiaj pojawi\u0142a si\u0119 <a href=\"https:\/\/www.mostredzinski.pl\/?page_id=159\" target=\"_blank\">nowa galeria, w kt\u00f3rej b\u0119d\u0105 zamieszczane zdjecia z telefonu<\/a>.<\/p>\n","protected":false},"excerpt":{"rendered":"<p>Na mo\u015bcie wiosna ca\u0142\u0105 par\u0105! \ud83d\ude42 Prace zwi\u0105zane z regulacj\u0105 Odry dotar\u0142y niestety\u00a0 ju\u017c na R\u0119dzin. Wiele drzew podzieli\u0142o los drzew rosn\u0105cych w centrum Wroc\u0142awia. [&hellip;]<\/p>\n","protected":false},"author":1,"featured_media":0,"comment_status":"open","ping_status":"open","sticky":false,"template":"","format":"standard","meta":{"footnotes":""},"categories":[1],"tags":[11,14,13,12,15],"class_list":["post-163","post","type-post","status-publish","format-standard","hentry","category-bez-kategorii","tag-dar_wro","tag-fuji","tag-jaz-redzinski","tag-most-redzinski","tag-x-pro1"],"_links":{"self":[{"href":"https:\/\/www.mostredzinski.pl\/index.php?rest_route=\/wp\/v2\/posts\/163","targetHints":{"allow":["GET"]}}],"collection":[{"href":"https:\/\/www.mostredzinski.pl\/index.php?rest_route=\/wp\/v2\/posts"}],"about":[{"href":"https:\/\/www.mostredzinski.pl\/index.php?rest_route=\/wp\/v2\/types\/post"}],"author":[{"embeddable":true,"href":"https:\/\/www.mostredzinski.pl\/index.php?rest_route=\/wp\/v2\/users\/1"}],"replies":[{"embeddable":true,"href":"https:\/\/www.mostredzinski.pl\/index.php?rest_route=%2Fwp%2Fv2%2Fcomments&post=163"}],"version-history":[{"count":6,"href":"https:\/\/www.mostredzinski.pl\/index.php?rest_route=\/wp\/v2\/posts\/163\/revisions"}],"predecessor-version":[{"id":172,"href":"https:\/\/www.mostredzinski.pl\/index.php?rest_route=\/wp\/v2\/posts\/163\/revisions\/172"}],"wp:attachment":[{"href":"https:\/\/www.mostredzinski.pl\/index.php?rest_route=%2Fwp%2Fv2%2Fmedia&parent=163"}],"wp:term":[{"taxonomy":"category","embeddable":true,"href":"https:\/\/www.mostredzinski.pl\/index.php?rest_route=%2Fwp%2Fv2%2Fcategories&post=163"},{"taxonomy":"post_tag","embeddable":true,"href":"https:\/\/www.mostredzinski.pl\/index.php?rest_route=%2Fwp%2Fv2%2Ftags&post=163"}],"curies":[{"name":"wp","href":"https:\/\/api.w.org\/{rel}","templated":true}]}}