{"id":125,"date":"2014-03-09T20:59:15","date_gmt":"2014-03-09T19:59:15","guid":{"rendered":"http:\/\/www.mostredzinski.pl\/?p=125"},"modified":"2014-03-30T14:59:52","modified_gmt":"2014-03-30T12:59:52","slug":"redziny-09-03-2013","status":"publish","type":"post","link":"https:\/\/www.mostredzinski.pl\/?p=125","title":{"rendered":"R\u0119dziny"},"content":{"rendered":"<p><img loading=\"lazy\" decoding=\"async\" class=\"alignnone size-full wp-image-130\" alt=\"Most R\u0119dzi\u0144ski\" src=\"https:\/\/www.mostredzinski.pl\/wp-content\/uploads\/2014\/03\/Most_32_small.jpg\" width=\"800\" height=\"533\" srcset=\"https:\/\/www.mostredzinski.pl\/wp-content\/uploads\/2014\/03\/Most_32_small.jpg 800w, https:\/\/www.mostredzinski.pl\/wp-content\/uploads\/2014\/03\/Most_32_small-300x199.jpg 300w, https:\/\/www.mostredzinski.pl\/wp-content\/uploads\/2014\/03\/Most_32_small-295x196.jpg 295w, https:\/\/www.mostredzinski.pl\/wp-content\/uploads\/2014\/03\/Most_32_small-180x120.jpg 180w, https:\/\/www.mostredzinski.pl\/wp-content\/uploads\/2014\/03\/Most_32_small-122x81.jpg 122w, https:\/\/www.mostredzinski.pl\/wp-content\/uploads\/2014\/03\/Most_32_small-190x126.jpg 190w, https:\/\/www.mostredzinski.pl\/wp-content\/uploads\/2014\/03\/Most_32_small-110x73.jpg 110w, https:\/\/www.mostredzinski.pl\/wp-content\/uploads\/2014\/03\/Most_32_small-70x46.jpg 70w, https:\/\/www.mostredzinski.pl\/wp-content\/uploads\/2014\/03\/Most_32_small-131x87.jpg 131w, https:\/\/www.mostredzinski.pl\/wp-content\/uploads\/2014\/03\/Most_32_small-430x286.jpg 430w\" sizes=\"auto, (max-width: 800px) 100vw, 800px\" \/><\/p>\n<p>Cel dzisiejszej wyprawy z aparatem by\u0142 oczywisty. Most R\u0119dzi\u0144ski. W plenerze towarzyszy\u0142 mi Andrzej, z kt\u00f3rym cz\u0119sto w\u0142\u00f3czymy si\u0119 po Wroc\u0142awiu z aparatami.<\/p>\n<p>Dzisiejsze koordynaty aparat\u00f3w to:<br \/>\n51\u00b09&#8217;32&#8221; N 16\u00b057&#8217;4&#8243; E<\/p>\n<p><img loading=\"lazy\" decoding=\"async\" class=\"alignnone size-full wp-image-128\" alt=\"Most_31_small\" src=\"https:\/\/www.mostredzinski.pl\/wp-content\/uploads\/2014\/03\/Most_31_small.jpg\" width=\"800\" height=\"482\" srcset=\"https:\/\/www.mostredzinski.pl\/wp-content\/uploads\/2014\/03\/Most_31_small.jpg 800w, https:\/\/www.mostredzinski.pl\/wp-content\/uploads\/2014\/03\/Most_31_small-300x180.jpg 300w, https:\/\/www.mostredzinski.pl\/wp-content\/uploads\/2014\/03\/Most_31_small-430x259.jpg 430w\" sizes=\"auto, (max-width: 800px) 100vw, 800px\" \/><\/p>\n<p>Oba zdjecia w du\u017cej rozdzielczo\u015bci s\u0105 do zobaczenia w <a href=\"https:\/\/www.mostredzinski.pl\/?page_id=45\">Galerii I<\/a>.<\/p>\n","protected":false},"excerpt":{"rendered":"<p>Cel dzisiejszej wyprawy z aparatem by\u0142 oczywisty. Most R\u0119dzi\u0144ski. W plenerze towarzyszy\u0142 mi Andrzej, z kt\u00f3rym cz\u0119sto w\u0142\u00f3czymy si\u0119 po Wroc\u0142awiu z aparatami. Dzisiejsze koordynaty [&hellip;]<\/p>\n","protected":false},"author":1,"featured_media":0,"comment_status":"open","ping_status":"open","sticky":false,"template":"","format":"standard","meta":{"footnotes":""},"categories":[1],"tags":[8,10,11,9,7],"class_list":["post-125","post","type-post","status-publish","format-standard","hentry","category-bez-kategorii","tag-redzinski","tag-architektura","tag-dar_wro","tag-krajobraz","tag-most"],"_links":{"self":[{"href":"https:\/\/www.mostredzinski.pl\/index.php?rest_route=\/wp\/v2\/posts\/125","targetHints":{"allow":["GET"]}}],"collection":[{"href":"https:\/\/www.mostredzinski.pl\/index.php?rest_route=\/wp\/v2\/posts"}],"about":[{"href":"https:\/\/www.mostredzinski.pl\/index.php?rest_route=\/wp\/v2\/types\/post"}],"author":[{"embeddable":true,"href":"https:\/\/www.mostredzinski.pl\/index.php?rest_route=\/wp\/v2\/users\/1"}],"replies":[{"embeddable":true,"href":"https:\/\/www.mostredzinski.pl\/index.php?rest_route=%2Fwp%2Fv2%2Fcomments&post=125"}],"version-history":[{"count":8,"href":"https:\/\/www.mostredzinski.pl\/index.php?rest_route=\/wp\/v2\/posts\/125\/revisions"}],"predecessor-version":[{"id":173,"href":"https:\/\/www.mostredzinski.pl\/index.php?rest_route=\/wp\/v2\/posts\/125\/revisions\/173"}],"wp:attachment":[{"href":"https:\/\/www.mostredzinski.pl\/index.php?rest_route=%2Fwp%2Fv2%2Fmedia&parent=125"}],"wp:term":[{"taxonomy":"category","embeddable":true,"href":"https:\/\/www.mostredzinski.pl\/index.php?rest_route=%2Fwp%2Fv2%2Fcategories&post=125"},{"taxonomy":"post_tag","embeddable":true,"href":"https:\/\/www.mostredzinski.pl\/index.php?rest_route=%2Fwp%2Fv2%2Ftags&post=125"}],"curies":[{"name":"wp","href":"https:\/\/api.w.org\/{rel}","templated":true}]}}